{"id":2333,"date":"2018-09-06T14:32:50","date_gmt":"2018-09-06T14:32:50","guid":{"rendered":"http:\/\/ehandelstips.se\/?p=2333"},"modified":"2018-09-06T15:16:50","modified_gmt":"2018-09-06T15:16:50","slug":"e-handelsdagarna-i-sundsvall","status":"publish","type":"post","link":"https:\/\/ehandelstips.se\/index.php\/e-handelsdagarna-i-sundsvall\/","title":{"rendered":"Bes\u00f6k E-handelsdagarna i Sundsvall"},"content":{"rendered":"<p><strong>Under flera \u00e5r har Kodmyran arrangerat e-handelsdagar i Sundsvall. Ett event som \u00e4r v\u00e4lbes\u00f6kt, inte bara av norrl\u00e4ndska ehandlare som man kan tro, utan \u00e4ven av ehandlare fr\u00e5n de s\u00f6dra delarna av landet.<\/strong><\/p>\n<p>Nytt f\u00f6r i \u00e5r \u00e4r att vi samarbetar med Almi, Business Sweden, Tillv\u00e4xtverket, Bizmaker och Handelskammaren. Det g\u00f6r att vi i \u00e5r kan erbjuda e-handelsdagen alldeles <strong>gratis<\/strong> f\u00f6r e-handlare och \u00e4ven andra f\u00f6retag som s\u00e4ljer varor och \u00e4r intresserade av e-handel.<\/p>\n<blockquote><p><strong>&#8221;Gratis\u00a0f\u00f6r e-handlare&#8221;<\/strong><\/p><\/blockquote>\n<p>E-handeln \u00f6kar och det \u00e4r dags f\u00f6r f\u00f6retagen d\u00e4r ute som inte redan har en ehandel att hoppa p\u00e5 t\u00e5get. Samtidigt kan vi som varit aktiva e-handlare l\u00e4nge, se att konkurrensen \u00f6kar, och m\u00e5nga g\u00e5nger \u00e4r inte den svenska marknaden tillr\u00e4ckligt stor f\u00f6r en l\u00f6nsam tillv\u00e4xt under en l\u00e4ngre period. Det g\u00f6r att fler och fler e-handlare s\u00f6ker sig utanf\u00f6r Sveriges gr\u00e4nser.<\/p>\n<p>Men att g\u00e5 utanf\u00f6r Sveriges gr\u00e4nser kr\u00e4ver kunskap och det \u00e4r m\u00e5nga delar att h\u00e5lla reda p\u00e5. Man beh\u00f6ver g\u00f6ra analyser av landet man vill starta upp i, man beh\u00f6ver veta hur kunderna ska betala, hur paketen skickas, hur returhanteringen ska sk\u00f6tas m.m. Analyserna kanske visar att en egen ehandel utomlands inte \u00e4r det b\u00e4sta, det kanske \u00e4r olika marknadsplatser man ska prova p\u00e5.<\/p>\n<p>Ja fr\u00e5gorna man som f\u00f6retagare och e-handlare st\u00e4lls inf\u00f6r vid en utlandssatsning \u00e4r m\u00e5nga och det \u00e4r mycket att t\u00e4nka p\u00e5. D\u00e4rf\u00f6r kommer vi i \u00e5r p\u00e5 e-handelsdagen att ha tema,\u00a0 Gr\u00e4nsl\u00f6s e-handel, eller &#8221;hur g\u00e5r vi som svenska f\u00f6retag utanf\u00f6r gr\u00e4nsen?&#8221;<\/p>\n<p>Vi kommer att ta upp konkreta fr\u00e5gor och ge tips p\u00e5 vad man ska t\u00e4nka p\u00e5 vid en utlandslansering. Vi kommer att prata med f\u00f6retag som redan gjort den resan och be dem ber\u00e4tta vad de gjort som var bra och vad de skulle g\u00f6ra annorlunda i dag.<\/p>\n<p>Vi kommer att f\u00e5 lyssna p\u00e5 Anna Nordlander, del\u00e4gare i The Friendly Swede, en av Sveriges st\u00f6rsta amazons\u00e4ljare, som ber\u00e4ttar om hur man s\u00e4ljer p\u00e5 Amazon och lite om hur vi f\u00f6rbereder oss innan Amazon tar klivet in i Sverige.<\/p>\n<p>Vi g\u00e5r igenom betalningar, s\u00f6kmotormarknadsf\u00f6ring, tullhantering, exportteknik, moms och skatter med olika experter p\u00e5 \u00e4mnet.<\/p>\n<p>Sist men inte minst, vi kommer att f\u00e5 h\u00f6ra Boris Lennerhov, VD p\u00e5 Gek\u00e5s i Ullared,\u00a0 ber\u00e4tta lite om hur de t\u00e4nker kring handel och handelns utveckling. D\u00e4r tror jag m\u00e5nga ehandlare kan l\u00e4ra mycket, f\u00f6r \u00e4ven om Gek\u00e5s \u00e4r en fysisk butik s\u00e5 jobbar de med exakt samma sak som oss. Vi jobbar alla med Handel!<\/p>\n<p>Jag tycker ni som kan ska ta chansen och anm\u00e4la er till eventet. Det \u00e4r den 3 oktober p\u00e5 hotell S\u00f6dra berget i Sundsvall. Gratis f\u00f6r e-handlare och ni anm\u00e4ler er h\u00e4r: <a href=\"http:\/\/www.e-handelsdagarna.se\">www.e-handelsdagarna.se<\/a><\/p>\n","protected":false},"excerpt":{"rendered":"<p>Under flera \u00e5r har Kodmyran arrangerat e-handelsdagar i Sundsvall. Ett event som \u00e4r v\u00e4lbes\u00f6kt, inte bara av norrl\u00e4ndska ehandlare som man kan tro, utan \u00e4ven av ehandlare fr\u00e5n de s\u00f6dra delarna av landet. Nytt f\u00f6r i \u00e5r \u00e4r att vi samarbetar med Almi, Business Sweden, Tillv\u00e4xtverket, Bizmaker och Handelskammaren. Det g\u00f6r att vi i \u00e5r kan erbjuda e-handelsdagen alldeles gratis f\u00f6r e-handlare och \u00e4ven andra f\u00f6retag som s\u00e4ljer varor och \u00e4r intresserade av e-handel. &#8221;Gratis\u00a0f\u00f6r e-handlare&#8221; E-handeln \u00f6kar och det [&hellip;]<\/p>\n","protected":false},"author":9,"featured_media":2350,"comment_status":"open","ping_status":"open","sticky":false,"template":"","format":"standard","meta":{"_uf_show_specific_survey":0,"_uf_disable_surveys":false},"categories":[243,244,265],"tags":[363,387,390,386,391,385,389,388],"_links":{"self":[{"href":"https:\/\/ehandelstips.se\/index.php\/wp-json\/wp\/v2\/posts\/2333"}],"collection":[{"href":"https:\/\/ehandelstips.se\/index.php\/wp-json\/wp\/v2\/posts"}],"about":[{"href":"https:\/\/ehandelstips.se\/index.php\/wp-json\/wp\/v2\/types\/post"}],"author":[{"embeddable":true,"href":"https:\/\/ehandelstips.se\/index.php\/wp-json\/wp\/v2\/users\/9"}],"replies":[{"embeddable":true,"href":"https:\/\/ehandelstips.se\/index.php\/wp-json\/wp\/v2\/comments?post=2333"}],"version-history":[{"count":7,"href":"https:\/\/ehandelstips.se\/index.php\/wp-json\/wp\/v2\/posts\/2333\/revisions"}],"predecessor-version":[{"id":2352,"href":"https:\/\/ehandelstips.se\/index.php\/wp-json\/wp\/v2\/posts\/2333\/revisions\/2352"}],"wp:featuredmedia":[{"embeddable":true,"href":"https:\/\/ehandelstips.se\/index.php\/wp-json\/wp\/v2\/media\/2350"}],"wp:attachment":[{"href":"https:\/\/ehandelstips.se\/index.php\/wp-json\/wp\/v2\/media?parent=2333"}],"wp:term":[{"taxonomy":"category","embeddable":true,"href":"https:\/\/ehandelstips.se\/index.php\/wp-json\/wp\/v2\/categories?post=2333"},{"taxonomy":"post_tag","embeddable":true,"href":"https:\/\/ehandelstips.se\/index.php\/wp-json\/wp\/v2\/tags?post=2333"}],"curies":[{"name":"wp","href":"https:\/\/api.w.org\/{rel}","templated":true}]}}